{"id":4020,"date":"2021-04-17T15:39:44","date_gmt":"2021-04-17T15:39:44","guid":{"rendered":"https:\/\/www.lemasdunaoc.com\/?p=4020"},"modified":"2023-04-19T09:38:08","modified_gmt":"2023-04-19T09:38:08","slug":"le-mas-du-naoc-dans-le-special-deco-du-figaro-madame-avril-2021","status":"publish","type":"post","link":"https:\/\/www.lemasdunaoc.com\/fr\/le-mas-du-naoc-dans-le-special-deco-du-figaro-madame-avril-2021\/","title":{"rendered":"Le Mas du Naoc dans le sp\u00e9cial d\u00e9co du Figaro Madame"},"content":{"rendered":"<h3>L&rsquo;\u00e2ge de faire&#8230;<\/h3>\n<p>Le Mas du Naoc a \u00e9t\u00e9 s\u00e9lectionn\u00e9 par le Figaro Madame pour illustrer le sp\u00e9cial d\u00e9co d&rsquo;avril qui met en avant le DIY (Do It Yourself).<\/p>\n<p>Les stages de feutre organis\u00e9s par Sandra sont mis \u00e0 l&rsquo;honneur dans ces tr\u00e8s jolies pages.<\/p>\n<h4>\u00ab\u00a0PR\u00c8S DE GRASSE FEUTRER LA LAINE<\/h4>\n<p>Exquise propri\u00e9t\u00e9 situ\u00e9e aux portes du vil-lage de Cabris, entre Cannes et Grasse, le Mas du Naoc porte le g\u00e8ne de la cr\u00e9ation dans son ADN. Au XIXe si\u00e8cle, il produisait des jarres (dont on retrouve certains vestiges dans le jar-din). \u00c0 la fin du XXe si\u00e8cle, il accueillait une acad\u00e9mie de peinture. Aujourd\u2019hui trans-form\u00e9 en maison d\u2019h\u00f4tes, le mas abrite aussi l\u2019atelier de feutre de Sandra, la propri\u00e9taire&#8230;\u00a0\u00bb<\/p>\n<p><a href=\"https:\/\/www.lemasdunaoc.com\/wp-content\/uploads\/2021\/04\/article-le-figaro.pdf\">Lire la suite<\/a><\/p>\n<p>&nbsp;<\/p>\n<p><a href=\"https:\/\/www.lemasdunaoc.com\/wp-content\/uploads\/2021\/04\/photos-le-figaro-madame.png\"><img loading=\"lazy\" decoding=\"async\" class=\"alignnone size-medium wp-image-4022\" src=\"https:\/\/www.lemasdunaoc.com\/wp-content\/uploads\/2021\/04\/photos-le-figaro-madame-277x300.png\" alt=\"\" width=\"277\" height=\"300\" srcset=\"https:\/\/www.lemasdunaoc.com\/wp-content\/uploads\/2021\/04\/photos-le-figaro-madame-277x300.png 277w, https:\/\/www.lemasdunaoc.com\/wp-content\/uploads\/2021\/04\/photos-le-figaro-madame-768x831.png 768w, https:\/\/www.lemasdunaoc.com\/wp-content\/uploads\/2021\/04\/photos-le-figaro-madame-946x1024.png 946w, https:\/\/www.lemasdunaoc.com\/wp-content\/uploads\/2021\/04\/photos-le-figaro-madame.png 1137w\" sizes=\"auto, (max-width: 277px) 100vw, 277px\" \/><\/a><\/p>\n","protected":false},"excerpt":{"rendered":"<p>L&rsquo;\u00e2ge de faire&#8230; Le Mas du Naoc a \u00e9t\u00e9 s\u00e9lectionn\u00e9 par le Figaro Madame pour illustrer le sp\u00e9cial d\u00e9co d&rsquo;avril qui met en avant le DIY (Do It Yourself). Les stages&#8230;<\/p>\n","protected":false},"author":1,"featured_media":4018,"comment_status":"open","ping_status":"open","sticky":false,"template":"","format":"standard","meta":{"_monsterinsights_skip_tracking":false,"_monsterinsights_sitenote_active":false,"_monsterinsights_sitenote_note":"","_monsterinsights_sitenote_category":0,"footnotes":""},"categories":[156],"tags":[],"class_list":["post-4020","post","type-post","status-publish","format-standard","has-post-thumbnail","hentry","category-deco-design"],"yoast_head":"<!-- This site is optimized with the Yoast SEO plugin v26.9 - https:\/\/yoast.com\/product\/yoast-seo-wordpress\/ -->\n<title>Le Mas du Naoc dans le sp\u00e9cial d\u00e9co du Figaro Madame - Le Mas du Naoc<\/title>\n<meta name=\"description\" content=\"Notre maison s\u00e9lectionn\u00e9e dans le sp\u00e9cial d\u00e9co du magasine Le Figaro Madame d&#039;avril 2021 sur le DIY (Do It Yourself)\" \/>\n<meta name=\"robots\" content=\"index, follow, max-snippet:-1, max-image-preview:large, max-video-preview:-1\" \/>\n<link rel=\"canonical\" href=\"https:\/\/www.lemasdunaoc.com\/le-mas-du-naoc-dans-le-special-deco-du-figaro-madame-avril-2021\/\" \/>\n<meta property=\"og:locale\" content=\"fr_FR\" \/>\n<meta property=\"og:type\" content=\"article\" \/>\n<meta property=\"og:title\" content=\"Le Mas du Naoc dans le sp\u00e9cial d\u00e9co du Figaro Madame - Le Mas du Naoc\" \/>\n<meta property=\"og:description\" content=\"{:fr}Notre maison s\u00e9lectionn\u00e9e dans le sp\u00e9cial d\u00e9co du magasine Le Figaro Madame d&#039;avril 2021 sur le DIY (Do It Yourself){:}\" \/>\n<meta property=\"og:url\" content=\"https:\/\/www.lemasdunaoc.com\/le-mas-du-naoc-dans-le-special-deco-du-figaro-madame-avril-2021\/\" \/>\n<meta property=\"og:site_name\" content=\"Le Mas du Naoc\" \/>\n<meta property=\"article:published_time\" content=\"2021-04-17T15:39:44+00:00\" \/>\n<meta property=\"article:modified_time\" content=\"2023-04-19T09:38:08+00:00\" \/>\n<meta property=\"og:image\" content=\"https:\/\/www.lemasdunaoc.com\/wp-content\/uploads\/2021\/04\/le-figaro-l-age-de-faire.png\" \/>\n\t<meta property=\"og:image:width\" content=\"1357\" \/>\n\t<meta property=\"og:image:height\" content=\"677\" \/>\n\t<meta property=\"og:image:type\" content=\"image\/png\" \/>\n<meta name=\"author\" content=\"jmaingret\" \/>\n<meta name=\"twitter:card\" content=\"summary_large_image\" \/>\n<meta name=\"twitter:label1\" content=\"\u00c9crit par\" \/>\n\t<meta name=\"twitter:data1\" content=\"jmaingret\" \/>\n\t<meta name=\"twitter:label2\" content=\"Dur\u00e9e de lecture estim\u00e9e\" \/>\n\t<meta name=\"twitter:data2\" content=\"1 minute\" \/>\n<script type=\"application\/ld+json\" class=\"yoast-schema-graph\">{\"@context\":\"https:\/\/schema.org\",\"@graph\":[{\"@type\":\"Article\",\"@id\":\"https:\/\/www.lemasdunaoc.com\/le-mas-du-naoc-dans-le-special-deco-du-figaro-madame-avril-2021\/#article\",\"isPartOf\":{\"@id\":\"https:\/\/www.lemasdunaoc.com\/le-mas-du-naoc-dans-le-special-deco-du-figaro-madame-avril-2021\/\"},\"author\":{\"name\":\"jmaingret\",\"@id\":\"https:\/\/www.lemasdunaoc.com\/fr\/#\/schema\/person\/ddb5d512a1a346bfaed7b410f9db7c41\"},\"headline\":\"Le Mas du Naoc dans le sp\u00e9cial d\u00e9co du Figaro Madame\",\"datePublished\":\"2021-04-17T15:39:44+00:00\",\"dateModified\":\"2023-04-19T09:38:08+00:00\",\"mainEntityOfPage\":{\"@id\":\"https:\/\/www.lemasdunaoc.com\/le-mas-du-naoc-dans-le-special-deco-du-figaro-madame-avril-2021\/\"},\"wordCount\":156,\"commentCount\":0,\"publisher\":{\"@id\":\"https:\/\/www.lemasdunaoc.com\/fr\/#\/schema\/person\/ddb5d512a1a346bfaed7b410f9db7c41\"},\"image\":{\"@id\":\"https:\/\/www.lemasdunaoc.com\/le-mas-du-naoc-dans-le-special-deco-du-figaro-madame-avril-2021\/#primaryimage\"},\"thumbnailUrl\":\"https:\/\/www.lemasdunaoc.com\/wp-content\/uploads\/2021\/04\/le-figaro-l-age-de-faire.png\",\"articleSection\":[\"d\u00e9co design\"],\"inLanguage\":\"fr-FR\",\"potentialAction\":[{\"@type\":\"CommentAction\",\"name\":\"Comment\",\"target\":[\"https:\/\/www.lemasdunaoc.com\/le-mas-du-naoc-dans-le-special-deco-du-figaro-madame-avril-2021\/#respond\"]}]},{\"@type\":\"WebPage\",\"@id\":\"https:\/\/www.lemasdunaoc.com\/le-mas-du-naoc-dans-le-special-deco-du-figaro-madame-avril-2021\/\",\"url\":\"https:\/\/www.lemasdunaoc.com\/le-mas-du-naoc-dans-le-special-deco-du-figaro-madame-avril-2021\/\",\"name\":\"Le Mas du Naoc dans le sp\u00e9cial d\u00e9co du Figaro Madame - Le Mas du Naoc\",\"isPartOf\":{\"@id\":\"https:\/\/www.lemasdunaoc.com\/fr\/#website\"},\"primaryImageOfPage\":{\"@id\":\"https:\/\/www.lemasdunaoc.com\/le-mas-du-naoc-dans-le-special-deco-du-figaro-madame-avril-2021\/#primaryimage\"},\"image\":{\"@id\":\"https:\/\/www.lemasdunaoc.com\/le-mas-du-naoc-dans-le-special-deco-du-figaro-madame-avril-2021\/#primaryimage\"},\"thumbnailUrl\":\"https:\/\/www.lemasdunaoc.com\/wp-content\/uploads\/2021\/04\/le-figaro-l-age-de-faire.png\",\"datePublished\":\"2021-04-17T15:39:44+00:00\",\"dateModified\":\"2023-04-19T09:38:08+00:00\",\"description\":\"{:fr}Notre maison s\u00e9lectionn\u00e9e dans le sp\u00e9cial d\u00e9co du magasine Le Figaro Madame d'avril 2021 sur le DIY (Do It Yourself){:}\",\"breadcrumb\":{\"@id\":\"https:\/\/www.lemasdunaoc.com\/le-mas-du-naoc-dans-le-special-deco-du-figaro-madame-avril-2021\/#breadcrumb\"},\"inLanguage\":\"fr-FR\",\"potentialAction\":[{\"@type\":\"ReadAction\",\"target\":[\"https:\/\/www.lemasdunaoc.com\/le-mas-du-naoc-dans-le-special-deco-du-figaro-madame-avril-2021\/\"]}]},{\"@type\":\"ImageObject\",\"inLanguage\":\"fr-FR\",\"@id\":\"https:\/\/www.lemasdunaoc.com\/le-mas-du-naoc-dans-le-special-deco-du-figaro-madame-avril-2021\/#primaryimage\",\"url\":\"https:\/\/www.lemasdunaoc.com\/wp-content\/uploads\/2021\/04\/le-figaro-l-age-de-faire.png\",\"contentUrl\":\"https:\/\/www.lemasdunaoc.com\/wp-content\/uploads\/2021\/04\/le-figaro-l-age-de-faire.png\",\"width\":1357,\"height\":677},{\"@type\":\"BreadcrumbList\",\"@id\":\"https:\/\/www.lemasdunaoc.com\/le-mas-du-naoc-dans-le-special-deco-du-figaro-madame-avril-2021\/#breadcrumb\",\"itemListElement\":[{\"@type\":\"ListItem\",\"position\":1,\"name\":\"Accueil\",\"item\":\"https:\/\/www.lemasdunaoc.com\/\"},{\"@type\":\"ListItem\",\"position\":2,\"name\":\"Le Mas du Naoc dans le sp\u00e9cial d\u00e9co du Figaro Madame\"}]},{\"@type\":\"WebSite\",\"@id\":\"https:\/\/www.lemasdunaoc.com\/fr\/#website\",\"url\":\"https:\/\/www.lemasdunaoc.com\/fr\/\",\"name\":\"Le Mas du Naoc\",\"description\":\"Maison d&#039;h\u00f4tes de charme\",\"publisher\":{\"@id\":\"https:\/\/www.lemasdunaoc.com\/fr\/#\/schema\/person\/ddb5d512a1a346bfaed7b410f9db7c41\"},\"potentialAction\":[{\"@type\":\"SearchAction\",\"target\":{\"@type\":\"EntryPoint\",\"urlTemplate\":\"https:\/\/www.lemasdunaoc.com\/fr\/?s={search_term_string}\"},\"query-input\":{\"@type\":\"PropertyValueSpecification\",\"valueRequired\":true,\"valueName\":\"search_term_string\"}}],\"inLanguage\":\"fr-FR\"},{\"@type\":[\"Person\",\"Organization\"],\"@id\":\"https:\/\/www.lemasdunaoc.com\/fr\/#\/schema\/person\/ddb5d512a1a346bfaed7b410f9db7c41\",\"name\":\"jmaingret\",\"image\":{\"@type\":\"ImageObject\",\"inLanguage\":\"fr-FR\",\"@id\":\"https:\/\/www.lemasdunaoc.com\/fr\/#\/schema\/person\/image\/\",\"url\":\"https:\/\/secure.gravatar.com\/avatar\/5784e2612ac089b84aad68c8b1266254636e487769c05a3c47565d323c1a6874?s=96&d=mm&r=g\",\"contentUrl\":\"https:\/\/secure.gravatar.com\/avatar\/5784e2612ac089b84aad68c8b1266254636e487769c05a3c47565d323c1a6874?s=96&d=mm&r=g\",\"caption\":\"jmaingret\"},\"logo\":{\"@id\":\"https:\/\/www.lemasdunaoc.com\/fr\/#\/schema\/person\/image\/\"},\"url\":\"https:\/\/www.lemasdunaoc.com\/fr\/author\/jmaingret\/\"}]}<\/script>\n<!-- \/ Yoast SEO plugin. -->","yoast_head_json":{"title":"Le Mas du Naoc dans le sp\u00e9cial d\u00e9co du Figaro Madame - Le Mas du Naoc","description":"Notre maison s\u00e9lectionn\u00e9e dans le sp\u00e9cial d\u00e9co du magasine Le Figaro Madame d'avril 2021 sur le DIY (Do It Yourself)","robots":{"index":"index","follow":"follow","max-snippet":"max-snippet:-1","max-image-preview":"max-image-preview:large","max-video-preview":"max-video-preview:-1"},"canonical":"https:\/\/www.lemasdunaoc.com\/le-mas-du-naoc-dans-le-special-deco-du-figaro-madame-avril-2021\/","og_locale":"fr_FR","og_type":"article","og_title":"Le Mas du Naoc dans le sp\u00e9cial d\u00e9co du Figaro Madame - Le Mas du Naoc","og_description":"{:fr}Notre maison s\u00e9lectionn\u00e9e dans le sp\u00e9cial d\u00e9co du magasine Le Figaro Madame d'avril 2021 sur le DIY (Do It Yourself){:}","og_url":"https:\/\/www.lemasdunaoc.com\/le-mas-du-naoc-dans-le-special-deco-du-figaro-madame-avril-2021\/","og_site_name":"Le Mas du Naoc","article_published_time":"2021-04-17T15:39:44+00:00","article_modified_time":"2023-04-19T09:38:08+00:00","og_image":[{"width":1357,"height":677,"url":"https:\/\/www.lemasdunaoc.com\/wp-content\/uploads\/2021\/04\/le-figaro-l-age-de-faire.png","type":"image\/png"}],"author":"jmaingret","twitter_card":"summary_large_image","twitter_misc":{"\u00c9crit par":"jmaingret","Dur\u00e9e de lecture estim\u00e9e":"1 minute"},"schema":{"@context":"https:\/\/schema.org","@graph":[{"@type":"Article","@id":"https:\/\/www.lemasdunaoc.com\/le-mas-du-naoc-dans-le-special-deco-du-figaro-madame-avril-2021\/#article","isPartOf":{"@id":"https:\/\/www.lemasdunaoc.com\/le-mas-du-naoc-dans-le-special-deco-du-figaro-madame-avril-2021\/"},"author":{"name":"jmaingret","@id":"https:\/\/www.lemasdunaoc.com\/fr\/#\/schema\/person\/ddb5d512a1a346bfaed7b410f9db7c41"},"headline":"Le Mas du Naoc dans le sp\u00e9cial d\u00e9co du Figaro Madame","datePublished":"2021-04-17T15:39:44+00:00","dateModified":"2023-04-19T09:38:08+00:00","mainEntityOfPage":{"@id":"https:\/\/www.lemasdunaoc.com\/le-mas-du-naoc-dans-le-special-deco-du-figaro-madame-avril-2021\/"},"wordCount":156,"commentCount":0,"publisher":{"@id":"https:\/\/www.lemasdunaoc.com\/fr\/#\/schema\/person\/ddb5d512a1a346bfaed7b410f9db7c41"},"image":{"@id":"https:\/\/www.lemasdunaoc.com\/le-mas-du-naoc-dans-le-special-deco-du-figaro-madame-avril-2021\/#primaryimage"},"thumbnailUrl":"https:\/\/www.lemasdunaoc.com\/wp-content\/uploads\/2021\/04\/le-figaro-l-age-de-faire.png","articleSection":["d\u00e9co design"],"inLanguage":"fr-FR","potentialAction":[{"@type":"CommentAction","name":"Comment","target":["https:\/\/www.lemasdunaoc.com\/le-mas-du-naoc-dans-le-special-deco-du-figaro-madame-avril-2021\/#respond"]}]},{"@type":"WebPage","@id":"https:\/\/www.lemasdunaoc.com\/le-mas-du-naoc-dans-le-special-deco-du-figaro-madame-avril-2021\/","url":"https:\/\/www.lemasdunaoc.com\/le-mas-du-naoc-dans-le-special-deco-du-figaro-madame-avril-2021\/","name":"Le Mas du Naoc dans le sp\u00e9cial d\u00e9co du Figaro Madame - Le Mas du Naoc","isPartOf":{"@id":"https:\/\/www.lemasdunaoc.com\/fr\/#website"},"primaryImageOfPage":{"@id":"https:\/\/www.lemasdunaoc.com\/le-mas-du-naoc-dans-le-special-deco-du-figaro-madame-avril-2021\/#primaryimage"},"image":{"@id":"https:\/\/www.lemasdunaoc.com\/le-mas-du-naoc-dans-le-special-deco-du-figaro-madame-avril-2021\/#primaryimage"},"thumbnailUrl":"https:\/\/www.lemasdunaoc.com\/wp-content\/uploads\/2021\/04\/le-figaro-l-age-de-faire.png","datePublished":"2021-04-17T15:39:44+00:00","dateModified":"2023-04-19T09:38:08+00:00","description":"{:fr}Notre maison s\u00e9lectionn\u00e9e dans le sp\u00e9cial d\u00e9co du magasine Le Figaro Madame d'avril 2021 sur le DIY (Do It Yourself){:}","breadcrumb":{"@id":"https:\/\/www.lemasdunaoc.com\/le-mas-du-naoc-dans-le-special-deco-du-figaro-madame-avril-2021\/#breadcrumb"},"inLanguage":"fr-FR","potentialAction":[{"@type":"ReadAction","target":["https:\/\/www.lemasdunaoc.com\/le-mas-du-naoc-dans-le-special-deco-du-figaro-madame-avril-2021\/"]}]},{"@type":"ImageObject","inLanguage":"fr-FR","@id":"https:\/\/www.lemasdunaoc.com\/le-mas-du-naoc-dans-le-special-deco-du-figaro-madame-avril-2021\/#primaryimage","url":"https:\/\/www.lemasdunaoc.com\/wp-content\/uploads\/2021\/04\/le-figaro-l-age-de-faire.png","contentUrl":"https:\/\/www.lemasdunaoc.com\/wp-content\/uploads\/2021\/04\/le-figaro-l-age-de-faire.png","width":1357,"height":677},{"@type":"BreadcrumbList","@id":"https:\/\/www.lemasdunaoc.com\/le-mas-du-naoc-dans-le-special-deco-du-figaro-madame-avril-2021\/#breadcrumb","itemListElement":[{"@type":"ListItem","position":1,"name":"Accueil","item":"https:\/\/www.lemasdunaoc.com\/"},{"@type":"ListItem","position":2,"name":"Le Mas du Naoc dans le sp\u00e9cial d\u00e9co du Figaro Madame"}]},{"@type":"WebSite","@id":"https:\/\/www.lemasdunaoc.com\/fr\/#website","url":"https:\/\/www.lemasdunaoc.com\/fr\/","name":"Le Mas du Naoc","description":"Maison d&#039;h\u00f4tes de charme","publisher":{"@id":"https:\/\/www.lemasdunaoc.com\/fr\/#\/schema\/person\/ddb5d512a1a346bfaed7b410f9db7c41"},"potentialAction":[{"@type":"SearchAction","target":{"@type":"EntryPoint","urlTemplate":"https:\/\/www.lemasdunaoc.com\/fr\/?s={search_term_string}"},"query-input":{"@type":"PropertyValueSpecification","valueRequired":true,"valueName":"search_term_string"}}],"inLanguage":"fr-FR"},{"@type":["Person","Organization"],"@id":"https:\/\/www.lemasdunaoc.com\/fr\/#\/schema\/person\/ddb5d512a1a346bfaed7b410f9db7c41","name":"jmaingret","image":{"@type":"ImageObject","inLanguage":"fr-FR","@id":"https:\/\/www.lemasdunaoc.com\/fr\/#\/schema\/person\/image\/","url":"https:\/\/secure.gravatar.com\/avatar\/5784e2612ac089b84aad68c8b1266254636e487769c05a3c47565d323c1a6874?s=96&d=mm&r=g","contentUrl":"https:\/\/secure.gravatar.com\/avatar\/5784e2612ac089b84aad68c8b1266254636e487769c05a3c47565d323c1a6874?s=96&d=mm&r=g","caption":"jmaingret"},"logo":{"@id":"https:\/\/www.lemasdunaoc.com\/fr\/#\/schema\/person\/image\/"},"url":"https:\/\/www.lemasdunaoc.com\/fr\/author\/jmaingret\/"}]}},"_links":{"self":[{"href":"https:\/\/www.lemasdunaoc.com\/fr\/wp-json\/wp\/v2\/posts\/4020","targetHints":{"allow":["GET"]}}],"collection":[{"href":"https:\/\/www.lemasdunaoc.com\/fr\/wp-json\/wp\/v2\/posts"}],"about":[{"href":"https:\/\/www.lemasdunaoc.com\/fr\/wp-json\/wp\/v2\/types\/post"}],"author":[{"embeddable":true,"href":"https:\/\/www.lemasdunaoc.com\/fr\/wp-json\/wp\/v2\/users\/1"}],"replies":[{"embeddable":true,"href":"https:\/\/www.lemasdunaoc.com\/fr\/wp-json\/wp\/v2\/comments?post=4020"}],"version-history":[{"count":4,"href":"https:\/\/www.lemasdunaoc.com\/fr\/wp-json\/wp\/v2\/posts\/4020\/revisions"}],"predecessor-version":[{"id":4400,"href":"https:\/\/www.lemasdunaoc.com\/fr\/wp-json\/wp\/v2\/posts\/4020\/revisions\/4400"}],"wp:featuredmedia":[{"embeddable":true,"href":"https:\/\/www.lemasdunaoc.com\/fr\/wp-json\/wp\/v2\/media\/4018"}],"wp:attachment":[{"href":"https:\/\/www.lemasdunaoc.com\/fr\/wp-json\/wp\/v2\/media?parent=4020"}],"wp:term":[{"taxonomy":"category","embeddable":true,"href":"https:\/\/www.lemasdunaoc.com\/fr\/wp-json\/wp\/v2\/categories?post=4020"},{"taxonomy":"post_tag","embeddable":true,"href":"https:\/\/www.lemasdunaoc.com\/fr\/wp-json\/wp\/v2\/tags?post=4020"}],"curies":[{"name":"wp","href":"https:\/\/api.w.org\/{rel}","templated":true}]}}